{"success":true,"html":"        \n\u003Cli class=\u0022comment  d-flex flex-column gap-2 border-bottom border-dark-subtle pb-4\u0022 id=\u0022comment-8681\u0022\u003E\n    \u003Cdiv class=\u0022d-flex flex-column gap-2\u0022\u003E\n        \u003Cdiv class=\u0022d-flex align-items-center gap-075\u0022\u003E\n            \n    \n\u003Cdiv class=\u0022user-avatar p-0 user-avatar--small\u0022\u003E\n            \u003Ca href=\u0022\/user\/f7db5ead-d1c0-48ce-9e52-bba725e058f5\u0022\n   title=\u0022Ver perfil do utilizador.\u0022\n   class=\u0022user-avatar p-0 user-avatar--small\u0022\n\u003E\n                    \u003Cimg data-ot-ignore src=\u0022\/user\/picture\/18\/thumb_7070\u0022 alt=\u0022\u0022 class=\u0022user_avatar w-100 h-100 rounded-pill invisible\u0022 onload=\u0022this.classList.remove(\u0027invisible\u0027)\u0022\u003E\n            \u003C\/a\u003E\n    \u003C\/div\u003E\n\n\n                \n\u003Cdiv class=\u0022\u0022\u003E\n    \u003Ca href=\u0022\/user\/f7db5ead-d1c0-48ce-9e52-bba725e058f5\u0022\n   title=\u0022 Equipa Bimby - Ver perfil do utilizador.\u0022\n   class=\u0022fw-bold\u0022\n\u003E\n                        Equipa Bimby\n            \u003C\/a\u003E\n\u003C\/div\u003E\n            \u003Cdiv class=\u0022text-black-50\u0022\u003E\n                24. janeiro 2011 - 12:20\n            \u003C\/div\u003E\n        \u003C\/div\u003E\n                                \u003Cdiv class=\u0022content commentContent text-break\u0022\u003E\n                        \u003Cp id=\u0022comment-content-8681\u0022\u003E\n                \u003Cp class=\u0022MsoNormal\u0022\u003EEstimados Utilizadores,\u003C\/p\u003E\u003Cbr \/\u003E\r\n\u003Cp class=\u0022MsoNormal\u0022\u003E\u0026nbsp;\u003C\/p\u003E\u003Cbr \/\u003E\r\n\u003Cp class=\u0022MsoNormal\u0022\u003EEm rela\u00e7\u00e3o \u00e0 quest\u00e3o levantada na Receita \u003Cbr \/\u003E\r\n\u201cFettuccine com Camar\u00e3o \u201d desde j\u00e1 lamentamos a situa\u00e7\u00e3o, consideramos que a \u003Cbr \/\u003E\r\nmesma se deve ao facto de n\u00e3o termos definido de uma forma clara quais \u003Cbr \/\u003E\r\nas receitas que deveriam constar na categoria \u201cReceitas Vegetarianas\u201d. \u003Cbr \/\u003E\r\n\u0026nbsp;A nossa ideia inicial , aquando do lan\u00e7amento do Mundo de Receitas \u003Cbr \/\u003E\r\nBimby , era de esta categoria \u0026nbsp;abranger todas as receitas \u201calternativas\u201d\u003Cbr \/\u003E\r\n \u00e0 Carne, Peixe, Marisco, incluindo por\u00e9m todos os derivados de animais \u003Cbr \/\u003E\r\ncomo o leite e os ovos. Sentimos que dentro de um futuro pr\u00f3ximo seja \u003Cbr \/\u003E\r\nnecess\u00e1rio criar uma nova categoria 100% Vegan, dado que temos j\u00e1 um \u003Cbr \/\u003E\r\nn\u00famero consider\u00e1vel de utilizadores praticantes de um tipo de \u003Cbr \/\u003E\r\nalimenta\u00e7\u00e3o mais enquadrada nesta categoria.Para j\u00e1 para colmatar esta situa\u00e7\u00e3o iremos criar uma nova categoria para pratos \u0022alternativos\u0022.\u003C\/p\u003E\u003Cbr \/\u003E\r\n\u003Cp class=\u0022MsoNormal\u0022\u003E\u0026nbsp;\u003C\/p\u003E\u003Cbr \/\u003E\r\n\u003Cp class=\u0022MsoNormal\u0022\u003ECri\u00e1mos o Mundo de Recitas Bimby e o F\u00f3rum \u003Cbr \/\u003E\r\ncom o intuito de promover a partilha de receitas e experiencias \u003Cbr \/\u003E\r\nculin\u00e1rias com a Bimby pelo que pedimos aos Utilizadores que coment\u00e1rios\u003Cbr \/\u003E\r\n e opini\u00f5es de car\u00e1cter pessoal\u0026nbsp;n\u00e3o sejam\u0026nbsp;expostos publicamente.\u003C\/p\u003E\u003Cbr \/\u003E\r\n\u003Cp class=\u0022MsoNormal\u0022\u003E\u0026nbsp;\u003C\/p\u003E\u003Cbr \/\u003E\r\n\u003Cp class=\u0022MsoNormal\u0022\u003EAgradecemos desde j\u00e1 a vossa compreens\u00e3o\u003C\/p\u003E\u003Cbr \/\u003E\r\n\u003Cp class=\u0022MsoNormal\u0022\u003E\u0026nbsp;\u003C\/p\u003E\u003Cbr \/\u003E\r\n\u003Cp class=\u0022MsoNormal\u0022\u003ECom os melhores cumprimentos\u003C\/p\u003E\u003Cbr \/\u003E\r\n\u003Cp class=\u0022MsoNormal\u0022\u003E\u0026nbsp;\u003C\/p\u003E\u003Cbr \/\u003E\r\n\u003Cp class=\u0022MsoNormal\u0022\u003EEquipa Bimby\u003C\/p\u003E\n            \u003C\/p\u003E\n        \u003C\/div\u003E\n    \u003C\/div\u003E\n\n            \n        \n\n\n    \n\n\u003Cul class=\u0022commentActions d-flex gap-3 text-primary\u0022\u003E\n            \u003Cli\u003E\n                        \u003Ca\n            href=\u0022javascript:;\u0022\n            rel=\u0022no-follow\u0022\n            class=\u0022loginRequire text-primary fw-medium d-flex align-items-center gap-1\u0022\n            title=\u0022Iniciar Sess\u00e3o`\u0022\n                                            \u003E\n    \n                    \u003Cspan class=\u0022icon-user\u0022\u003E\u003C\/span\u003E\n                \u003Cspan class=\u0022\u0022\u003EIniciar Sess\u00e3o\u003C\/span\u003E\n\n            \u003C\/a\u003E\n    \n        \u003C\/li\u003E\n            \u003Cli\u003E\n                \n                \u003Cspan class=\u0022\u0022\u003Eou\u003C\/span\u003E\n\n            \u003C\/a\u003E\n    \n        \u003C\/li\u003E\n            \u003Cli\u003E\n                        \u003Ca\n            href=\u0022javascript:;\u0022\n            rel=\u0022no-follow\u0022\n            class=\u0022loginRequire text-primary fw-medium d-flex align-items-center gap-1\u0022\n            title=\u0022registar-se`\u0022\n                                            \u003E\n    \n                    \u003Cspan class=\u0022icon-user\u0022\u003E\u003C\/span\u003E\n                \u003Cspan class=\u0022\u0022\u003Eregistar-se\u003C\/span\u003E\n\n            \u003C\/a\u003E\n    \n        \u003C\/li\u003E\n    \u003C\/ul\u003E\n\n\n\n\n\n\n\n\n\n\n\n    \u003C\/li\u003E\n                    \n        \u003Cnav aria-label=\u0022Page navigation\u0022 class=\u0022pager d-flex justify-content-center py-3\u0022\u003E\n        \u003Cul class=\u0022pagination\u0022\u003E\n                                            \u003Cli class=\u0022page-item\u0022\u003E\n                    \u003Ca class=\u0022page-link icon-double-arrow-left\u0022 href=\u0022\/recipes\/comments\/recipe\/s0fc0yu9-32bb9-452391-cfcd2-ehiw0dqi\u0022 rel=\u0022first\u0022\u003E\u003C\/a\u003E\n                \u003C\/li\u003E\n                                \u003Cli class=\u0022page-item\u0022\u003E\n                                                                                    \u003Ca href=\u0022\/recipes\/comments\/recipe\/s0fc0yu9-32bb9-452391-cfcd2-ehiw0dqi\u0022 rel=\u0022prev\u0022 class=\u0022page-link icon-arrow-left\u0022\u003E\u003C\/a\u003E\n                \u003C\/li\u003E\n            \n                                                \u003Cli class=\u0022page-item\u0022\u003E\n                                                    \u003Ca href=\u0022\/recipes\/comments\/recipe\/s0fc0yu9-32bb9-452391-cfcd2-ehiw0dqi\u0022 class=\u0022page-link\u0022\u003E1\u003C\/a\u003E\n                                            \u003C\/li\u003E\n                                                                \u003Cli class=\u0022page-item\u0022\u003E\u003Cspan class=\u0022page-link bg-secondary-subtle rounded active text-dark z-0\u0022 aria-current=\u0022page\u0022 data-url=\u0022\/recipes\/comments\/recipe\/s0fc0yu9-32bb9-452391-cfcd2-ehiw0dqi?page=2\u0022\u003E2\u003C\/span\u003E\u003C\/li\u003E\n                            \n                    \u003C\/ul\u003E\n    \u003C\/nav\u003E\n","count":11}