{"success":true,"html":"        \n\u003Cli class=\u0022comment  d-flex flex-column gap-2 border-bottom border-dark-subtle pb-4\u0022 id=\u0022comment-10429\u0022\u003E\n    \u003Cdiv class=\u0022d-flex flex-column gap-2\u0022\u003E\n        \u003Cdiv class=\u0022d-flex align-items-center gap-075\u0022\u003E\n            \n    \n\u003Cdiv class=\u0022user-avatar p-0 user-avatar--small\u0022\u003E\n            \u003Ca href=\u0022#\u0022\n   title=\u0022Ver perfil do utilizador.\u0022\n   class=\u0022user-avatar p-0 user-avatar--small\u0022\n\u003E\n                    \u003Cimg data-ot-ignore src=\u0022\/user\/picture\/0\/thumb_7070\u0022 alt=\u0022\u0022 class=\u0022user_avatar w-100 h-100 rounded-pill invisible\u0022 onload=\u0022this.classList.remove(\u0027invisible\u0027)\u0022\u003E\n            \u003C\/a\u003E\n    \u003C\/div\u003E\n\n\n                \n\u003Cdiv class=\u0022\u0022\u003E\n    \u003Ca href=\u0022#\u0022\n   title=\u0022 Gast - Ver perfil do utilizador.\u0022\n   class=\u0022fw-bold\u0022\n\u003E\n                        Gast\n            \u003C\/a\u003E\n\u003C\/div\u003E\n            \u003Cdiv class=\u0022text-black-50\u0022\u003E\n                12. novembro 2013 - 21:50\n            \u003C\/div\u003E\n        \u003C\/div\u003E\n                                \u003Cdiv class=\u0022content commentContent text-break\u0022\u003E\n                        \u003Cp id=\u0022comment-content-10429\u0022\u003E\n                \u003Cp\u003EA minha filhota adora p\u00e3o sem cod\u00eaa e estou morta por experimentar esta receita...\u003C\/p\u003E\u003Cp\u003EA forma tem de ser especial para a bimby ou uma normal das de bolo ingl\u00eas?\u003C\/p\u003E\u003Cp\u003ECumprimentos\u003C\/p\u003E\u003Cp\u003EPaula Pires\u003C\/p\u003E\n            \u003C\/p\u003E\n        \u003C\/div\u003E\n    \u003C\/div\u003E\n\n            \n        \n\n\n    \n\n\u003Cul class=\u0022commentActions d-flex gap-3 text-primary\u0022\u003E\n            \u003Cli\u003E\n                        \u003Ca\n            href=\u0022javascript:;\u0022\n            rel=\u0022no-follow\u0022\n            class=\u0022loginRequire text-primary fw-medium d-flex align-items-center gap-1\u0022\n            title=\u0022Iniciar Sess\u00e3o`\u0022\n                                            \u003E\n    \n                    \u003Cspan class=\u0022icon-user\u0022\u003E\u003C\/span\u003E\n                \u003Cspan class=\u0022\u0022\u003EIniciar Sess\u00e3o\u003C\/span\u003E\n\n            \u003C\/a\u003E\n    \n        \u003C\/li\u003E\n            \u003Cli\u003E\n                \n                \u003Cspan class=\u0022\u0022\u003Eou\u003C\/span\u003E\n\n            \u003C\/a\u003E\n    \n        \u003C\/li\u003E\n            \u003Cli\u003E\n                        \u003Ca\n            href=\u0022javascript:;\u0022\n            rel=\u0022no-follow\u0022\n            class=\u0022loginRequire text-primary fw-medium d-flex align-items-center gap-1\u0022\n            title=\u0022registar-se`\u0022\n                                            \u003E\n    \n                    \u003Cspan class=\u0022icon-user\u0022\u003E\u003C\/span\u003E\n                \u003Cspan class=\u0022\u0022\u003Eregistar-se\u003C\/span\u003E\n\n            \u003C\/a\u003E\n    \n        \u003C\/li\u003E\n    \u003C\/ul\u003E\n\n\n\n\n\n\n\n\n\n\n\n    \u003C\/li\u003E\n        \n\u003Cli class=\u0022comment  d-flex flex-column gap-2 border-bottom border-dark-subtle pb-4\u0022 id=\u0022comment-10428\u0022\u003E\n    \u003Cdiv class=\u0022d-flex flex-column gap-2\u0022\u003E\n        \u003Cdiv class=\u0022d-flex align-items-center gap-075\u0022\u003E\n            \n    \n\u003Cdiv class=\u0022user-avatar p-0 user-avatar--small\u0022\u003E\n            \u003Ca href=\u0022#\u0022\n   title=\u0022Ver perfil do utilizador.\u0022\n   class=\u0022user-avatar p-0 user-avatar--small\u0022\n\u003E\n                    \u003Cimg data-ot-ignore src=\u0022\/user\/picture\/0\/thumb_7070\u0022 alt=\u0022\u0022 class=\u0022user_avatar w-100 h-100 rounded-pill invisible\u0022 onload=\u0022this.classList.remove(\u0027invisible\u0027)\u0022\u003E\n            \u003C\/a\u003E\n    \u003C\/div\u003E\n\n\n                \n\u003Cdiv class=\u0022\u0022\u003E\n    \u003Ca href=\u0022#\u0022\n   title=\u0022 Gast - Ver perfil do utilizador.\u0022\n   class=\u0022fw-bold\u0022\n\u003E\n                        Gast\n            \u003C\/a\u003E\n\u003C\/div\u003E\n            \u003Cdiv class=\u0022text-black-50\u0022\u003E\n                19. setembro 2013 - 15:36\n            \u003C\/div\u003E\n        \u003C\/div\u003E\n                                \u003Cdiv class=\u0022content commentContent text-break\u0022\u003E\n                        \u003Cp id=\u0022comment-content-10428\u0022\u003E\n                \u003Cp\u003EOl\u00e1 Filipa10018,\u003C\/p\u003E\u003Cp\u003E\u0026nbsp;\u003C\/p\u003E\u003Cp\u003EAgradecemos desde j\u00e1 o seu interesse nesta receita.\u003C\/p\u003E\u003Cp\u003E\u0026nbsp;\u003C\/p\u003E\u003Cp\u003EN\u00e3o \u00e9 necess\u00e1rio dissolver em \u00e1gua.\u003C\/p\u003E\u003Cp\u003E\u0026nbsp;\u003C\/p\u003E\u003Cp\u003EUm beijinho e bons cozinhados,\u003C\/p\u003E\u003Cp\u003EMixie\u0026nbsp; :mixie-big-smile: \u003C\/p\u003E\n            \u003C\/p\u003E\n        \u003C\/div\u003E\n    \u003C\/div\u003E\n\n            \n        \n\n\n    \n\n\u003Cul class=\u0022commentActions d-flex gap-3 text-primary\u0022\u003E\n            \u003Cli\u003E\n                        \u003Ca\n            href=\u0022javascript:;\u0022\n            rel=\u0022no-follow\u0022\n            class=\u0022loginRequire text-primary fw-medium d-flex align-items-center gap-1\u0022\n            title=\u0022Iniciar Sess\u00e3o`\u0022\n                                            \u003E\n    \n                    \u003Cspan class=\u0022icon-user\u0022\u003E\u003C\/span\u003E\n                \u003Cspan class=\u0022\u0022\u003EIniciar Sess\u00e3o\u003C\/span\u003E\n\n            \u003C\/a\u003E\n    \n        \u003C\/li\u003E\n            \u003Cli\u003E\n                \n                \u003Cspan class=\u0022\u0022\u003Eou\u003C\/span\u003E\n\n            \u003C\/a\u003E\n    \n        \u003C\/li\u003E\n            \u003Cli\u003E\n                        \u003Ca\n            href=\u0022javascript:;\u0022\n            rel=\u0022no-follow\u0022\n            class=\u0022loginRequire text-primary fw-medium d-flex align-items-center gap-1\u0022\n            title=\u0022registar-se`\u0022\n                                            \u003E\n    \n                    \u003Cspan class=\u0022icon-user\u0022\u003E\u003C\/span\u003E\n                \u003Cspan class=\u0022\u0022\u003Eregistar-se\u003C\/span\u003E\n\n            \u003C\/a\u003E\n    \n        \u003C\/li\u003E\n    \u003C\/ul\u003E\n\n\n\n\n\n\n\n\n\n\n\n    \u003C\/li\u003E\n        \n\u003Cli class=\u0022comment  d-flex flex-column gap-2 border-bottom border-dark-subtle pb-4\u0022 id=\u0022comment-10427\u0022\u003E\n    \u003Cdiv class=\u0022d-flex flex-column gap-2\u0022\u003E\n        \u003Cdiv class=\u0022d-flex align-items-center gap-075\u0022\u003E\n            \n    \n\u003Cdiv class=\u0022user-avatar p-0 user-avatar--small\u0022\u003E\n            \u003Ca href=\u0022#\u0022\n   title=\u0022Ver perfil do utilizador.\u0022\n   class=\u0022user-avatar p-0 user-avatar--small\u0022\n\u003E\n                    \u003Cimg data-ot-ignore src=\u0022\/user\/picture\/0\/thumb_7070\u0022 alt=\u0022\u0022 class=\u0022user_avatar w-100 h-100 rounded-pill invisible\u0022 onload=\u0022this.classList.remove(\u0027invisible\u0027)\u0022\u003E\n            \u003C\/a\u003E\n    \u003C\/div\u003E\n\n\n                \n\u003Cdiv class=\u0022\u0022\u003E\n    \u003Ca href=\u0022#\u0022\n   title=\u0022 Gast - Ver perfil do utilizador.\u0022\n   class=\u0022fw-bold\u0022\n\u003E\n                        Gast\n            \u003C\/a\u003E\n\u003C\/div\u003E\n            \u003Cdiv class=\u0022text-black-50\u0022\u003E\n                19. setembro 2013 - 15:22\n            \u003C\/div\u003E\n        \u003C\/div\u003E\n                                \u003Cdiv class=\u0022content commentContent text-break\u0022\u003E\n                        \u003Cp id=\u0022comment-content-10427\u0022\u003E\n                \u003Cp\u003EAo utilizar o fermento de padeiro fresco este tem de se dissolver antes de colar no copo da bimby? Se sim, dissolve-se com o qu\u00ea??\u003C\/p\u003E\u003Cp\u003EObrigada\u003C\/p\u003E\u003Cp\u003EFilipa Gon\u00e7alves\u003C\/p\u003E\n            \u003C\/p\u003E\n        \u003C\/div\u003E\n    \u003C\/div\u003E\n\n            \n        \n\n\n    \n\n\u003Cul class=\u0022commentActions d-flex gap-3 text-primary\u0022\u003E\n            \u003Cli\u003E\n                        \u003Ca\n            href=\u0022javascript:;\u0022\n            rel=\u0022no-follow\u0022\n            class=\u0022loginRequire text-primary fw-medium d-flex align-items-center gap-1\u0022\n            title=\u0022Iniciar Sess\u00e3o`\u0022\n                                            \u003E\n    \n                    \u003Cspan class=\u0022icon-user\u0022\u003E\u003C\/span\u003E\n                \u003Cspan class=\u0022\u0022\u003EIniciar Sess\u00e3o\u003C\/span\u003E\n\n            \u003C\/a\u003E\n    \n        \u003C\/li\u003E\n            \u003Cli\u003E\n                \n                \u003Cspan class=\u0022\u0022\u003Eou\u003C\/span\u003E\n\n            \u003C\/a\u003E\n    \n        \u003C\/li\u003E\n            \u003Cli\u003E\n                        \u003Ca\n            href=\u0022javascript:;\u0022\n            rel=\u0022no-follow\u0022\n            class=\u0022loginRequire text-primary fw-medium d-flex align-items-center gap-1\u0022\n            title=\u0022registar-se`\u0022\n                                            \u003E\n    \n                    \u003Cspan class=\u0022icon-user\u0022\u003E\u003C\/span\u003E\n                \u003Cspan class=\u0022\u0022\u003Eregistar-se\u003C\/span\u003E\n\n            \u003C\/a\u003E\n    \n        \u003C\/li\u003E\n    \u003C\/ul\u003E\n\n\n\n\n\n\n\n\n\n\n\n    \u003C\/li\u003E\n        \n\u003Cli class=\u0022comment  d-flex flex-column gap-2 border-bottom border-dark-subtle pb-4\u0022 id=\u0022comment-10426\u0022\u003E\n    \u003Cdiv class=\u0022d-flex flex-column gap-2\u0022\u003E\n        \u003Cdiv class=\u0022d-flex align-items-center gap-075\u0022\u003E\n            \n    \n\u003Cdiv class=\u0022user-avatar p-0 user-avatar--small\u0022\u003E\n            \u003Ca href=\u0022#\u0022\n   title=\u0022Ver perfil do utilizador.\u0022\n   class=\u0022user-avatar p-0 user-avatar--small\u0022\n\u003E\n                    \u003Cimg data-ot-ignore src=\u0022\/user\/picture\/0\/thumb_7070\u0022 alt=\u0022\u0022 class=\u0022user_avatar w-100 h-100 rounded-pill invisible\u0022 onload=\u0022this.classList.remove(\u0027invisible\u0027)\u0022\u003E\n            \u003C\/a\u003E\n    \u003C\/div\u003E\n\n\n                \n\u003Cdiv class=\u0022\u0022\u003E\n    \u003Ca href=\u0022#\u0022\n   title=\u0022 Gast - Ver perfil do utilizador.\u0022\n   class=\u0022fw-bold\u0022\n\u003E\n                        Gast\n            \u003C\/a\u003E\n\u003C\/div\u003E\n            \u003Cdiv class=\u0022text-black-50\u0022\u003E\n                24. julho 2013 - 13:09\n            \u003C\/div\u003E\n        \u003C\/div\u003E\n                                \u003Cdiv class=\u0022content commentContent text-break\u0022\u003E\n                        \u003Cp id=\u0022comment-content-10426\u0022\u003E\n                \u003Cp\u003EOl\u00e1 Bimbocas!\u003C\/p\u003E\u003Cp\u003EJ\u00e1 algu\u00e9m experimentou fazer esta receita no forno?\u003C\/p\u003E\u003Cp\u003EQual o resultado?\u003C\/p\u003E\u003Cp\u003EObrigada,\u003C\/p\u003E\u003Cp\u003ENuria\u003C\/p\u003E\n            \u003C\/p\u003E\n        \u003C\/div\u003E\n    \u003C\/div\u003E\n\n            \n        \n\n\n    \n\n\u003Cul class=\u0022commentActions d-flex gap-3 text-primary\u0022\u003E\n            \u003Cli\u003E\n                        \u003Ca\n            href=\u0022javascript:;\u0022\n            rel=\u0022no-follow\u0022\n            class=\u0022loginRequire text-primary fw-medium d-flex align-items-center gap-1\u0022\n            title=\u0022Iniciar Sess\u00e3o`\u0022\n                                            \u003E\n    \n                    \u003Cspan class=\u0022icon-user\u0022\u003E\u003C\/span\u003E\n                \u003Cspan class=\u0022\u0022\u003EIniciar Sess\u00e3o\u003C\/span\u003E\n\n            \u003C\/a\u003E\n    \n        \u003C\/li\u003E\n            \u003Cli\u003E\n                \n                \u003Cspan class=\u0022\u0022\u003Eou\u003C\/span\u003E\n\n            \u003C\/a\u003E\n    \n        \u003C\/li\u003E\n            \u003Cli\u003E\n                        \u003Ca\n            href=\u0022javascript:;\u0022\n            rel=\u0022no-follow\u0022\n            class=\u0022loginRequire text-primary fw-medium d-flex align-items-center gap-1\u0022\n            title=\u0022registar-se`\u0022\n                                            \u003E\n    \n                    \u003Cspan class=\u0022icon-user\u0022\u003E\u003C\/span\u003E\n                \u003Cspan class=\u0022\u0022\u003Eregistar-se\u003C\/span\u003E\n\n            \u003C\/a\u003E\n    \n        \u003C\/li\u003E\n    \u003C\/ul\u003E\n\n\n\n\n\n\n\n\n\n\n\n    \u003C\/li\u003E\n        \n\u003Cli class=\u0022comment  d-flex flex-column gap-2 border-bottom border-dark-subtle pb-4\u0022 id=\u0022comment-10425\u0022\u003E\n    \u003Cdiv class=\u0022d-flex flex-column gap-2\u0022\u003E\n        \u003Cdiv class=\u0022d-flex align-items-center gap-075\u0022\u003E\n            \n    \n\u003Cdiv class=\u0022user-avatar p-0 user-avatar--small\u0022\u003E\n            \u003Ca href=\u0022#\u0022\n   title=\u0022Ver perfil do utilizador.\u0022\n   class=\u0022user-avatar p-0 user-avatar--small\u0022\n\u003E\n                    \u003Cimg data-ot-ignore src=\u0022\/user\/picture\/0\/thumb_7070\u0022 alt=\u0022\u0022 class=\u0022user_avatar w-100 h-100 rounded-pill invisible\u0022 onload=\u0022this.classList.remove(\u0027invisible\u0027)\u0022\u003E\n            \u003C\/a\u003E\n    \u003C\/div\u003E\n\n\n                \n\u003Cdiv class=\u0022\u0022\u003E\n    \u003Ca href=\u0022#\u0022\n   title=\u0022 Gast - Ver perfil do utilizador.\u0022\n   class=\u0022fw-bold\u0022\n\u003E\n                        Gast\n            \u003C\/a\u003E\n\u003C\/div\u003E\n            \u003Cdiv class=\u0022text-black-50\u0022\u003E\n                19. junho 2013 - 13:29\n            \u003C\/div\u003E\n        \u003C\/div\u003E\n                                \u003Cdiv class=\u0022content commentContent text-break\u0022\u003E\n                        \u003Cp id=\u0022comment-content-10425\u0022\u003E\n                \n            \u003C\/p\u003E\n        \u003C\/div\u003E\n    \u003C\/div\u003E\n\n            \n        \n\n\n    \n\n\u003Cul class=\u0022commentActions d-flex gap-3 text-primary\u0022\u003E\n            \u003Cli\u003E\n                        \u003Ca\n            href=\u0022javascript:;\u0022\n            rel=\u0022no-follow\u0022\n            class=\u0022loginRequire text-primary fw-medium d-flex align-items-center gap-1\u0022\n            title=\u0022Iniciar Sess\u00e3o`\u0022\n                                            \u003E\n    \n                    \u003Cspan class=\u0022icon-user\u0022\u003E\u003C\/span\u003E\n                \u003Cspan class=\u0022\u0022\u003EIniciar Sess\u00e3o\u003C\/span\u003E\n\n            \u003C\/a\u003E\n    \n        \u003C\/li\u003E\n            \u003Cli\u003E\n                \n                \u003Cspan class=\u0022\u0022\u003Eou\u003C\/span\u003E\n\n            \u003C\/a\u003E\n    \n        \u003C\/li\u003E\n            \u003Cli\u003E\n                        \u003Ca\n            href=\u0022javascript:;\u0022\n            rel=\u0022no-follow\u0022\n            class=\u0022loginRequire text-primary fw-medium d-flex align-items-center gap-1\u0022\n            title=\u0022registar-se`\u0022\n                                            \u003E\n    \n                    \u003Cspan class=\u0022icon-user\u0022\u003E\u003C\/span\u003E\n                \u003Cspan class=\u0022\u0022\u003Eregistar-se\u003C\/span\u003E\n\n            \u003C\/a\u003E\n    \n        \u003C\/li\u003E\n    \u003C\/ul\u003E\n\n\n\n\n\n\n\n\n\n\n\n    \u003C\/li\u003E\n        \n\u003Cli class=\u0022comment  d-flex flex-column gap-2 border-bottom border-dark-subtle pb-4\u0022 id=\u0022comment-10424\u0022\u003E\n    \u003Cdiv class=\u0022d-flex flex-column gap-2\u0022\u003E\n        \u003Cdiv class=\u0022d-flex align-items-center gap-075\u0022\u003E\n            \n    \n\u003Cdiv class=\u0022user-avatar p-0 user-avatar--small\u0022\u003E\n            \u003Ca href=\u0022#\u0022\n   title=\u0022Ver perfil do utilizador.\u0022\n   class=\u0022user-avatar p-0 user-avatar--small\u0022\n\u003E\n                    \u003Cimg data-ot-ignore src=\u0022\/user\/picture\/0\/thumb_7070\u0022 alt=\u0022\u0022 class=\u0022user_avatar w-100 h-100 rounded-pill invisible\u0022 onload=\u0022this.classList.remove(\u0027invisible\u0027)\u0022\u003E\n            \u003C\/a\u003E\n    \u003C\/div\u003E\n\n\n                \n\u003Cdiv class=\u0022\u0022\u003E\n    \u003Ca href=\u0022#\u0022\n   title=\u0022 Gast - Ver perfil do utilizador.\u0022\n   class=\u0022fw-bold\u0022\n\u003E\n                        Gast\n            \u003C\/a\u003E\n\u003C\/div\u003E\n            \u003Cdiv class=\u0022text-black-50\u0022\u003E\n                19. junho 2013 - 12:53\n            \u003C\/div\u003E\n        \u003C\/div\u003E\n                                \u003Cdiv class=\u0022content commentContent text-break\u0022\u003E\n                        \u003Cp id=\u0022comment-content-10424\u0022\u003E\n                \u003Cp\u003Eboas tentei hoje fazer este pao mas ele nao levedou \u003Cimg class=\u0022tmrc-icons\u0022 src=\u0022\/bundles\/tmrcfront\/js\/tinymce-plugins\/tmrc_emoticons\/img\/aw.png\u0022 alt=\u0022tmrc_emoticons.(\u0022 title=\u0022tmrc_emoticons.(\u0022\/\u003E sera que foi da farinha ou u fermento? \u003C\/p\u003E\u003Cp\u003Efermento tem de ser o de padeiro seco?\u003C\/p\u003E\u003Cp\u003E\u0026nbsp;\u003C\/p\u003E\n            \u003C\/p\u003E\n        \u003C\/div\u003E\n    \u003C\/div\u003E\n\n            \n        \n\n\n    \n\n\u003Cul class=\u0022commentActions d-flex gap-3 text-primary\u0022\u003E\n            \u003Cli\u003E\n                        \u003Ca\n            href=\u0022javascript:;\u0022\n            rel=\u0022no-follow\u0022\n            class=\u0022loginRequire text-primary fw-medium d-flex align-items-center gap-1\u0022\n            title=\u0022Iniciar Sess\u00e3o`\u0022\n                                            \u003E\n    \n                    \u003Cspan class=\u0022icon-user\u0022\u003E\u003C\/span\u003E\n                \u003Cspan class=\u0022\u0022\u003EIniciar Sess\u00e3o\u003C\/span\u003E\n\n            \u003C\/a\u003E\n    \n        \u003C\/li\u003E\n            \u003Cli\u003E\n                \n                \u003Cspan class=\u0022\u0022\u003Eou\u003C\/span\u003E\n\n            \u003C\/a\u003E\n    \n        \u003C\/li\u003E\n            \u003Cli\u003E\n                        \u003Ca\n            href=\u0022javascript:;\u0022\n            rel=\u0022no-follow\u0022\n            class=\u0022loginRequire text-primary fw-medium d-flex align-items-center gap-1\u0022\n            title=\u0022registar-se`\u0022\n                                            \u003E\n    \n                    \u003Cspan class=\u0022icon-user\u0022\u003E\u003C\/span\u003E\n                \u003Cspan class=\u0022\u0022\u003Eregistar-se\u003C\/span\u003E\n\n            \u003C\/a\u003E\n    \n        \u003C\/li\u003E\n    \u003C\/ul\u003E\n\n\n\n\n\n\n\n\n\n\n\n    \u003C\/li\u003E\n        \n\u003Cli class=\u0022comment  d-flex flex-column gap-2 border-bottom border-dark-subtle pb-4\u0022 id=\u0022comment-10423\u0022\u003E\n    \u003Cdiv class=\u0022d-flex flex-column gap-2\u0022\u003E\n        \u003Cdiv class=\u0022d-flex align-items-center gap-075\u0022\u003E\n            \n    \n\u003Cdiv class=\u0022user-avatar p-0 user-avatar--small\u0022\u003E\n            \u003Ca href=\u0022\/user\/150494a0-2a79-44a7-acd1-f50f1eb9a5fa\u0022\n   title=\u0022Ver perfil do utilizador.\u0022\n   class=\u0022user-avatar p-0 user-avatar--small\u0022\n\u003E\n                    \u003Cimg data-ot-ignore src=\u0022\/user\/picture\/46053\/thumb_7070\u0022 alt=\u0022\u0022 class=\u0022user_avatar w-100 h-100 rounded-pill invisible\u0022 onload=\u0022this.classList.remove(\u0027invisible\u0027)\u0022\u003E\n            \u003C\/a\u003E\n    \u003C\/div\u003E\n\n\n                \n\u003Cdiv class=\u0022\u0022\u003E\n    \u003Ca href=\u0022\/user\/150494a0-2a79-44a7-acd1-f50f1eb9a5fa\u0022\n   title=\u0022 Ana79 - Ver perfil do utilizador.\u0022\n   class=\u0022fw-bold\u0022\n\u003E\n                        Ana79\n            \u003C\/a\u003E\n\u003C\/div\u003E\n            \u003Cdiv class=\u0022text-black-50\u0022\u003E\n                26. abril 2013 - 19:53\n            \u003C\/div\u003E\n        \u003C\/div\u003E\n                                                \u003Cdiv class=\u0022item-rating d-flex gap-2 align-items-center\u0022\u003E\n    \u003Cdiv class=\u0022comment-stars comment-edit rating-size-4\u0022 data-id=\u0022i3s0mui0-6f492-097523-cfcd2-cdhlu3dz\u0022\n         data-average=\u00225\u0022\n         data-rating-titles=\u0022Pobre|Suficiente|Satisfat\u00f3rio|Bem|Muito bem\u0022\n    \u003E\n        \u003Cinput type=\u0022number\u0022 name=\u0022rating\u0022 class=\u0022comment-rating\u0022 value=\u00225\u0022 readonly \/\u003E\n    \u003C\/div\u003E\n        \u003Cspan class=\u0022fw-semibold rate-amount align-middle\u0022 data-text=\u00225.0\u0022\u003E5.0\u003C\/span\u003E\n\u003C\/div\u003E\n                \u003Cdiv class=\u0022content commentContent text-break\u0022\u003E\n                        \u003Cp id=\u0022comment-content-10423\u0022\u003E\n                \u003Cp\u003EExperimentei a receita e o p\u00e3o de forma ficou divinal! Tao bom, mas tao bom q estava a ver q n sobrava nem uma fatia para fazer a experi\u00eancia no outro dia!\u0026nbsp; \u003Cimg class=\u0022tmrc-icons\u0022 src=\u0022\/bundles\/tmrcfront\/js\/tinymce-plugins\/tmrc_emoticons\/img\/bigsmile.png\u0022 alt=\u0022Big Smile\u0022 title=\u0022Big Smile\u0022\/\u003E l\u00e1 escaparam duas fatias, as quais guardei num saco pl\u00e1stico e qual n foi a minha surpresa ao ver q n outro dia o p\u00e3o continuava excelente! Aprovadissimo!!!! \u0026nbsp; \u003Cimg class=\u0022tmrc-icons\u0022 src=\u0022\/bundles\/tmrcfront\/js\/tinymce-plugins\/tmrc_emoticons\/img\/love.png\u0022 alt=\u0022Love\u0022 title=\u0022Love\u0022\/\u003E \u003C\/p\u003E\n            \u003C\/p\u003E\n        \u003C\/div\u003E\n    \u003C\/div\u003E\n\n            \n        \n\n\n    \n\n\u003Cul class=\u0022commentActions d-flex gap-3 text-primary\u0022\u003E\n            \u003Cli\u003E\n                        \u003Ca\n            href=\u0022javascript:;\u0022\n            rel=\u0022no-follow\u0022\n            class=\u0022loginRequire text-primary fw-medium d-flex align-items-center gap-1\u0022\n            title=\u0022Iniciar Sess\u00e3o`\u0022\n                                            \u003E\n    \n                    \u003Cspan class=\u0022icon-user\u0022\u003E\u003C\/span\u003E\n                \u003Cspan class=\u0022\u0022\u003EIniciar Sess\u00e3o\u003C\/span\u003E\n\n            \u003C\/a\u003E\n    \n        \u003C\/li\u003E\n            \u003Cli\u003E\n                \n                \u003Cspan class=\u0022\u0022\u003Eou\u003C\/span\u003E\n\n            \u003C\/a\u003E\n    \n        \u003C\/li\u003E\n            \u003Cli\u003E\n                        \u003Ca\n            href=\u0022javascript:;\u0022\n            rel=\u0022no-follow\u0022\n            class=\u0022loginRequire text-primary fw-medium d-flex align-items-center gap-1\u0022\n            title=\u0022registar-se`\u0022\n                                            \u003E\n    \n                    \u003Cspan class=\u0022icon-user\u0022\u003E\u003C\/span\u003E\n                \u003Cspan class=\u0022\u0022\u003Eregistar-se\u003C\/span\u003E\n\n            \u003C\/a\u003E\n    \n        \u003C\/li\u003E\n    \u003C\/ul\u003E\n\n\n\n\n\n\n\n\n\n\n\n    \u003C\/li\u003E\n        \n\u003Cli class=\u0022comment  d-flex flex-column gap-2 border-bottom border-dark-subtle pb-4\u0022 id=\u0022comment-10422\u0022\u003E\n    \u003Cdiv class=\u0022d-flex flex-column gap-2\u0022\u003E\n        \u003Cdiv class=\u0022d-flex align-items-center gap-075\u0022\u003E\n            \n    \n\u003Cdiv class=\u0022user-avatar p-0 user-avatar--small\u0022\u003E\n            \u003Ca href=\u0022#\u0022\n   title=\u0022Ver perfil do utilizador.\u0022\n   class=\u0022user-avatar p-0 user-avatar--small\u0022\n\u003E\n                    \u003Cimg data-ot-ignore src=\u0022\/user\/picture\/0\/thumb_7070\u0022 alt=\u0022\u0022 class=\u0022user_avatar w-100 h-100 rounded-pill invisible\u0022 onload=\u0022this.classList.remove(\u0027invisible\u0027)\u0022\u003E\n            \u003C\/a\u003E\n    \u003C\/div\u003E\n\n\n                \n\u003Cdiv class=\u0022\u0022\u003E\n    \u003Ca href=\u0022#\u0022\n   title=\u0022 Gast - Ver perfil do utilizador.\u0022\n   class=\u0022fw-bold\u0022\n\u003E\n                        Gast\n            \u003C\/a\u003E\n\u003C\/div\u003E\n            \u003Cdiv class=\u0022text-black-50\u0022\u003E\n                26. abril 2013 - 17:28\n            \u003C\/div\u003E\n        \u003C\/div\u003E\n                                \u003Cdiv class=\u0022content commentContent text-break\u0022\u003E\n                        \u003Cp id=\u0022comment-content-10422\u0022\u003E\n                \u003Cp\u003EOl\u00e1 Ana79\u003C\/p\u003E\u003Cp\u003E\u003Cp class=\u0022MsoNormal\u0022\u003EPara que se mantenha o mais\u003Cbr \/\u003E\r\nmacio poss\u00edvel, depois de arrefecer, guardar logo num saco ou caixa bem\u003Cbr \/\u003E\r\nfechado.\u003C\/p\u003E\u003Cp class=\u0022MsoNormal\u0022\u003EBeijinhos e bons cozinhados\u0026nbsp; :mixie-smile: \u003C\/p\u003E\u003C\/p\u003E\n            \u003C\/p\u003E\n        \u003C\/div\u003E\n    \u003C\/div\u003E\n\n            \n        \n\n\n    \n\n\u003Cul class=\u0022commentActions d-flex gap-3 text-primary\u0022\u003E\n            \u003Cli\u003E\n                        \u003Ca\n            href=\u0022javascript:;\u0022\n            rel=\u0022no-follow\u0022\n            class=\u0022loginRequire text-primary fw-medium d-flex align-items-center gap-1\u0022\n            title=\u0022Iniciar Sess\u00e3o`\u0022\n                                            \u003E\n    \n                    \u003Cspan class=\u0022icon-user\u0022\u003E\u003C\/span\u003E\n                \u003Cspan class=\u0022\u0022\u003EIniciar Sess\u00e3o\u003C\/span\u003E\n\n            \u003C\/a\u003E\n    \n        \u003C\/li\u003E\n            \u003Cli\u003E\n                \n                \u003Cspan class=\u0022\u0022\u003Eou\u003C\/span\u003E\n\n            \u003C\/a\u003E\n    \n        \u003C\/li\u003E\n            \u003Cli\u003E\n                        \u003Ca\n            href=\u0022javascript:;\u0022\n            rel=\u0022no-follow\u0022\n            class=\u0022loginRequire text-primary fw-medium d-flex align-items-center gap-1\u0022\n            title=\u0022registar-se`\u0022\n                                            \u003E\n    \n                    \u003Cspan class=\u0022icon-user\u0022\u003E\u003C\/span\u003E\n                \u003Cspan class=\u0022\u0022\u003Eregistar-se\u003C\/span\u003E\n\n            \u003C\/a\u003E\n    \n        \u003C\/li\u003E\n    \u003C\/ul\u003E\n\n\n\n\n\n\n\n\n\n\n\n    \u003C\/li\u003E\n        \n\u003Cli class=\u0022comment  d-flex flex-column gap-2 border-bottom border-dark-subtle pb-4\u0022 id=\u0022comment-10421\u0022\u003E\n    \u003Cdiv class=\u0022d-flex flex-column gap-2\u0022\u003E\n        \u003Cdiv class=\u0022d-flex align-items-center gap-075\u0022\u003E\n            \n    \n\u003Cdiv class=\u0022user-avatar p-0 user-avatar--small\u0022\u003E\n            \u003Ca href=\u0022\/user\/150494a0-2a79-44a7-acd1-f50f1eb9a5fa\u0022\n   title=\u0022Ver perfil do utilizador.\u0022\n   class=\u0022user-avatar p-0 user-avatar--small\u0022\n\u003E\n                    \u003Cimg data-ot-ignore src=\u0022\/user\/picture\/46053\/thumb_7070\u0022 alt=\u0022\u0022 class=\u0022user_avatar w-100 h-100 rounded-pill invisible\u0022 onload=\u0022this.classList.remove(\u0027invisible\u0027)\u0022\u003E\n            \u003C\/a\u003E\n    \u003C\/div\u003E\n\n\n                \n\u003Cdiv class=\u0022\u0022\u003E\n    \u003Ca href=\u0022\/user\/150494a0-2a79-44a7-acd1-f50f1eb9a5fa\u0022\n   title=\u0022 Ana79 - Ver perfil do utilizador.\u0022\n   class=\u0022fw-bold\u0022\n\u003E\n                        Ana79\n            \u003C\/a\u003E\n\u003C\/div\u003E\n            \u003Cdiv class=\u0022text-black-50\u0022\u003E\n                11. abril 2013 - 17:58\n            \u003C\/div\u003E\n        \u003C\/div\u003E\n                                                \u003Cdiv class=\u0022item-rating d-flex gap-2 align-items-center\u0022\u003E\n    \u003Cdiv class=\u0022comment-stars comment-edit rating-size-4\u0022 data-id=\u0022i3s0mui0-6f492-097523-cfcd2-cdhlu3dz\u0022\n         data-average=\u00225\u0022\n         data-rating-titles=\u0022Pobre|Suficiente|Satisfat\u00f3rio|Bem|Muito bem\u0022\n    \u003E\n        \u003Cinput type=\u0022number\u0022 name=\u0022rating\u0022 class=\u0022comment-rating\u0022 value=\u00225\u0022 readonly \/\u003E\n    \u003C\/div\u003E\n        \u003Cspan class=\u0022fw-semibold rate-amount align-middle\u0022 data-text=\u00225.0\u0022\u003E5.0\u003C\/span\u003E\n\u003C\/div\u003E\n                \u003Cdiv class=\u0022content commentContent text-break\u0022\u003E\n                        \u003Cp id=\u0022comment-content-10421\u0022\u003E\n                \u003Cp\u003EEstou ansiosa para experimentar esta receita.... So gostava de saber como \u00e9 o p\u00e3o no dia a seguir.... Come-se bem?... E q precisava de fazer na v\u00e9spera porq no dia saio muito cedo de casa e e-me imposs\u00edvel de o fazer!\u003C\/p\u003E\u003Cp\u003E\u0026nbsp;\u003C\/p\u003E\n            \u003C\/p\u003E\n        \u003C\/div\u003E\n    \u003C\/div\u003E\n\n            \n        \n\n\n    \n\n\u003Cul class=\u0022commentActions d-flex gap-3 text-primary\u0022\u003E\n            \u003Cli\u003E\n                        \u003Ca\n            href=\u0022javascript:;\u0022\n            rel=\u0022no-follow\u0022\n            class=\u0022loginRequire text-primary fw-medium d-flex align-items-center gap-1\u0022\n            title=\u0022Iniciar Sess\u00e3o`\u0022\n                                            \u003E\n    \n                    \u003Cspan class=\u0022icon-user\u0022\u003E\u003C\/span\u003E\n                \u003Cspan class=\u0022\u0022\u003EIniciar Sess\u00e3o\u003C\/span\u003E\n\n            \u003C\/a\u003E\n    \n        \u003C\/li\u003E\n            \u003Cli\u003E\n                \n                \u003Cspan class=\u0022\u0022\u003Eou\u003C\/span\u003E\n\n            \u003C\/a\u003E\n    \n        \u003C\/li\u003E\n            \u003Cli\u003E\n                        \u003Ca\n            href=\u0022javascript:;\u0022\n            rel=\u0022no-follow\u0022\n            class=\u0022loginRequire text-primary fw-medium d-flex align-items-center gap-1\u0022\n            title=\u0022registar-se`\u0022\n                                            \u003E\n    \n                    \u003Cspan class=\u0022icon-user\u0022\u003E\u003C\/span\u003E\n                \u003Cspan class=\u0022\u0022\u003Eregistar-se\u003C\/span\u003E\n\n            \u003C\/a\u003E\n    \n        \u003C\/li\u003E\n    \u003C\/ul\u003E\n\n\n\n\n\n\n\n\n\n\n\n    \u003C\/li\u003E\n        \n\u003Cli class=\u0022comment  d-flex flex-column gap-2 border-bottom border-dark-subtle pb-4\u0022 id=\u0022comment-10420\u0022\u003E\n    \u003Cdiv class=\u0022d-flex flex-column gap-2\u0022\u003E\n        \u003Cdiv class=\u0022d-flex align-items-center gap-075\u0022\u003E\n            \n    \n\u003Cdiv class=\u0022user-avatar p-0 user-avatar--small\u0022\u003E\n            \u003Ca href=\u0022#\u0022\n   title=\u0022Ver perfil do utilizador.\u0022\n   class=\u0022user-avatar p-0 user-avatar--small\u0022\n\u003E\n                    \u003Cimg data-ot-ignore src=\u0022\/user\/picture\/0\/thumb_7070\u0022 alt=\u0022\u0022 class=\u0022user_avatar w-100 h-100 rounded-pill invisible\u0022 onload=\u0022this.classList.remove(\u0027invisible\u0027)\u0022\u003E\n            \u003C\/a\u003E\n    \u003C\/div\u003E\n\n\n                \n\u003Cdiv class=\u0022\u0022\u003E\n    \u003Ca href=\u0022#\u0022\n   title=\u0022 Gast - Ver perfil do utilizador.\u0022\n   class=\u0022fw-bold\u0022\n\u003E\n                        Gast\n            \u003C\/a\u003E\n\u003C\/div\u003E\n            \u003Cdiv class=\u0022text-black-50\u0022\u003E\n                10. novembro 2012 - 14:25\n            \u003C\/div\u003E\n        \u003C\/div\u003E\n                                \u003Cdiv class=\u0022content commentContent text-break\u0022\u003E\n                        \u003Cp id=\u0022comment-content-10420\u0022\u003E\n                \u003Cp\u003E \u003Cimg class=\u0022tmrc-icons\u0022 src=\u0022\/bundles\/tmrcfront\/js\/tinymce-plugins\/tmrc_emoticons\/img\/wink.png\u0022 alt=\u0022tmrc_emoticons.;)\u0022 title=\u0022tmrc_emoticons.;)\u0022\/\u003E Ol\u00e1! Tentei v\u00e1rias vezes esta receita e n\u00e3o conseguia, mas j\u00e1 consigo e fica \u00f3ptimo! A farinha tem de ser para usos culin\u00e1rios e n\u00e3o para bolos. Na \u00faltima vez, para o p\u00e3o n\u00e3o saber muito a massa acrescentei-lhe uma colher de ch\u00e1 de a\u00e7\u00facar amarelo e o mesmo de \u00f3leo. Ficou muito bem! Experimentem!! \u003Cimg class=\u0022tmrc-icons\u0022 src=\u0022\/bundles\/tmrcfront\/js\/tinymce-plugins\/tmrc_emoticons\/img\/wink.png\u0022 alt=\u0022tmrc_emoticons.;)\u0022 title=\u0022tmrc_emoticons.;)\u0022\/\u003E \u003C\/p\u003E\n            \u003C\/p\u003E\n        \u003C\/div\u003E\n    \u003C\/div\u003E\n\n            \n        \n\n\n    \n\n\u003Cul class=\u0022commentActions d-flex gap-3 text-primary\u0022\u003E\n            \u003Cli\u003E\n                        \u003Ca\n            href=\u0022javascript:;\u0022\n            rel=\u0022no-follow\u0022\n            class=\u0022loginRequire text-primary fw-medium d-flex align-items-center gap-1\u0022\n            title=\u0022Iniciar Sess\u00e3o`\u0022\n                                            \u003E\n    \n                    \u003Cspan class=\u0022icon-user\u0022\u003E\u003C\/span\u003E\n                \u003Cspan class=\u0022\u0022\u003EIniciar Sess\u00e3o\u003C\/span\u003E\n\n            \u003C\/a\u003E\n    \n        \u003C\/li\u003E\n            \u003Cli\u003E\n                \n                \u003Cspan class=\u0022\u0022\u003Eou\u003C\/span\u003E\n\n            \u003C\/a\u003E\n    \n        \u003C\/li\u003E\n            \u003Cli\u003E\n                        \u003Ca\n            href=\u0022javascript:;\u0022\n            rel=\u0022no-follow\u0022\n            class=\u0022loginRequire text-primary fw-medium d-flex align-items-center gap-1\u0022\n            title=\u0022registar-se`\u0022\n                                            \u003E\n    \n                    \u003Cspan class=\u0022icon-user\u0022\u003E\u003C\/span\u003E\n                \u003Cspan class=\u0022\u0022\u003Eregistar-se\u003C\/span\u003E\n\n            \u003C\/a\u003E\n    \n        \u003C\/li\u003E\n    \u003C\/ul\u003E\n\n\n\n\n\n\n\n\n\n\n\n    \u003C\/li\u003E\n                    \n        \u003Cnav aria-label=\u0022Page navigation\u0022 class=\u0022pager d-flex justify-content-center py-3\u0022\u003E\n        \u003Cul class=\u0022pagination\u0022\u003E\n                                            \u003Cli class=\u0022page-item\u0022\u003E\n                    \u003Ca class=\u0022page-link icon-double-arrow-left\u0022 href=\u0022\/recipes\/comments\/recipe\/i3s0mui0-6f492-097523-cfcd2-cdhlu3dz\u0022 rel=\u0022first\u0022\u003E\u003C\/a\u003E\n                \u003C\/li\u003E\n                                \u003Cli class=\u0022page-item\u0022\u003E\n                                                                                    \u003Ca href=\u0022\/recipes\/comments\/recipe\/i3s0mui0-6f492-097523-cfcd2-cdhlu3dz\u0022 rel=\u0022prev\u0022 class=\u0022page-link icon-arrow-left\u0022\u003E\u003C\/a\u003E\n                \u003C\/li\u003E\n            \n                                                \u003Cli class=\u0022page-item\u0022\u003E\n                                                    \u003Ca href=\u0022\/recipes\/comments\/recipe\/i3s0mui0-6f492-097523-cfcd2-cdhlu3dz\u0022 class=\u0022page-link\u0022\u003E1\u003C\/a\u003E\n                                            \u003C\/li\u003E\n                                                                \u003Cli class=\u0022page-item\u0022\u003E\u003Cspan class=\u0022page-link bg-secondary-subtle rounded active text-dark z-0\u0022 aria-current=\u0022page\u0022 data-url=\u0022\/recipes\/comments\/recipe\/i3s0mui0-6f492-097523-cfcd2-cdhlu3dz?page=2\u0022\u003E2\u003C\/span\u003E\u003C\/li\u003E\n                                                                \u003Cli class=\u0022page-item\u0022\u003E\n                                                    \u003Ca href=\u0022\/recipes\/comments\/recipe\/i3s0mui0-6f492-097523-cfcd2-cdhlu3dz?page=3\u0022 class=\u0022page-link\u0022\u003E3\u003C\/a\u003E\n                                            \u003C\/li\u003E\n                                                                \u003Cli class=\u0022page-item\u0022\u003E\n                                                    \u003Ca href=\u0022\/recipes\/comments\/recipe\/i3s0mui0-6f492-097523-cfcd2-cdhlu3dz?page=4\u0022 class=\u0022page-link\u0022\u003E4\u003C\/a\u003E\n                                            \u003C\/li\u003E\n                                                                \u003Cli class=\u0022page-item\u0022\u003E\n                                                    \u003Ca href=\u0022\/recipes\/comments\/recipe\/i3s0mui0-6f492-097523-cfcd2-cdhlu3dz?page=5\u0022 class=\u0022page-link\u0022\u003E5\u003C\/a\u003E\n                                            \u003C\/li\u003E\n                            \n                                            \u003Cli class=\u0022page-item\u0022\u003E\n                    \u003Ca href=\u0022\/recipes\/comments\/recipe\/i3s0mui0-6f492-097523-cfcd2-cdhlu3dz?page=3\u0022 rel=\u0022next\u0022 class=\u0022page-link icon-arrow-right bg-transparent\u0022\u003E\u003C\/a\u003E\n                \u003C\/li\u003E\n                                \u003Cli class=\u0022page-item\u0022\u003E\n                    \u003Ca href=\u0022\/recipes\/comments\/recipe\/i3s0mui0-6f492-097523-cfcd2-cdhlu3dz?page=5\u0022 rel=\u0022last\u0022 class=\u0022page-link icon-double-arrow-right bg-transparent\u0022\u003E\u003C\/a\u003E\n                \u003C\/li\u003E\n                    \u003C\/ul\u003E\n    \u003C\/nav\u003E\n","count":44}